{"id":4224,"date":"2026-01-20T16:43:21","date_gmt":"2026-01-20T15:43:21","guid":{"rendered":"https:\/\/www.denismancarella.com\/?p=4224"},"modified":"2026-01-20T16:43:21","modified_gmt":"2026-01-20T15:43:21","slug":"cosmetica-north-africa-2026","status":"publish","type":"post","link":"https:\/\/www.denismancarella.com\/fr\/nwf\/cosmetica-north-africa-2026\/","title":{"rendered":"Cosmetica North Africa 2026"},"content":{"rendered":"<p style=\"text-align: center;\" data-start=\"738\" data-end=\"833\">Du <strong data-start=\"741\" data-end=\"761\">21 au 24 janvier<\/strong>, DMC sera en <strong data-start=\"775\" data-end=\"786\">Alg\u00e9rie<\/strong> \u00e0 <strong data-start=\"789\" data-end=\"815\">Cosmetica North Africa<\/strong> (<strong data-start=\"817\" data-end=\"831\">Stand IT02<\/strong>).<\/p>\n<p style=\"text-align: center;\" data-start=\"835\" data-end=\"1044\">Lors du salon, vous pourrez rencontrer <strong data-start=\"874\" data-end=\"884\">Carlos<\/strong>, Directeur de <strong data-start=\"899\" data-end=\"914\">DMC Iberica<\/strong> \u2014 notre division lanc\u00e9e en <strong data-start=\"942\" data-end=\"950\">2025<\/strong>, cr\u00e9\u00e9e pour \u00eatre un point de r\u00e9f\u00e9rence direct pour les march\u00e9s <strong data-start=\"1014\" data-end=\"1043\">ib\u00e9rique et nord-africain<\/strong>.<\/p>\n<p style=\"text-align: center;\" data-start=\"1046\" data-end=\"1305\">Que vous soyez en train d\u2019optimiser une ligne de production existante ou de construire votre projet depuis le d\u00e9but, nous serons \u00e0 votre disposition pour vous offrir un <strong data-start=\"1215\" data-end=\"1251\">accompagnement technique concret<\/strong> et des orientations claires pour avancer sereinement.<\/p>\n<p style=\"text-align: center;\" data-start=\"1046\" data-end=\"1305\">\n<p style=\"text-align: center;\" data-start=\"1046\" data-end=\"1305\"><a href=\"mailto:tecnico@denismancarella.com\"><strong>RESERVEZ VOTRE RENDEZ-VOUS<\/strong><\/a><\/p>\n","protected":false},"excerpt":{"rendered":"<p>Du 21 au 24 janvier, DMC sera en Alg\u00e9rie \u00e0 Cosmetica North Africa (Stand IT02). Lors du salon, vous pourrez rencontrer Carlos, Directeur de DMC Iberica \u2014 notre division lanc\u00e9e en 2025, cr\u00e9\u00e9e pour \u00eatre un point de r\u00e9f\u00e9rence direct pour les march\u00e9s ib\u00e9rique et nord-africain. Que vous soyez en train d\u2019optimiser une ligne de [&hellip;]<\/p>\n","protected":false},"author":2,"featured_media":4219,"comment_status":"closed","ping_status":"open","sticky":false,"template":"","format":"standard","meta":{"_acf_changed":false,"footnotes":""},"categories":[18],"tags":[],"class_list":["post-4224","post","type-post","status-publish","format-standard","has-post-thumbnail","hentry","category-nwf"],"acf":[],"yoast_head":"<!-- This site is optimized with the Yoast SEO plugin v28.3 - https:\/\/yoast.com\/product\/yoast-seo-wordpress\/ -->\n<title>Cosmetica North Africa 2026 | DMC<\/title>\n<meta name=\"description\" content=\"DMC participe \u00e0 Cosmetica North Africa en Alg\u00e9rie du 21 au 24 janvier. Rencontrez l\u2019\u00e9quipe DMC et d\u00e9couvrez des solutions pour la production cosm\u00e9tique.\" \/>\n<meta name=\"robots\" content=\"index, follow, max-snippet:-1, max-image-preview:large, max-video-preview:-1\" \/>\n<link rel=\"canonical\" href=\"https:\/\/www.denismancarella.com\/fr\/nwf\/cosmetica-north-africa-2026\/\" \/>\n<meta property=\"og:locale\" content=\"fr_FR\" \/>\n<meta property=\"og:type\" content=\"article\" \/>\n<meta property=\"og:title\" content=\"Cosmetica North Africa 2026 | DMC\" \/>\n<meta property=\"og:description\" content=\"DMC participe \u00e0 Cosmetica North Africa en Alg\u00e9rie du 21 au 24 janvier. Rencontrez l\u2019\u00e9quipe DMC et d\u00e9couvrez des solutions pour la production cosm\u00e9tique.\" \/>\n<meta property=\"og:url\" content=\"https:\/\/www.denismancarella.com\/fr\/nwf\/cosmetica-north-africa-2026\/\" \/>\n<meta property=\"og:site_name\" content=\"DMC\" \/>\n<meta property=\"article:publisher\" content=\"https:\/\/www.facebook.com\/DMCsrls\" \/>\n<meta property=\"article:published_time\" content=\"2026-01-20T15:43:21+00:00\" \/>\n<meta property=\"og:image\" content=\"https:\/\/www.denismancarella.com\/wp-content\/uploads\/2026\/01\/cosmetica-north-africa.png\" \/>\n\t<meta property=\"og:image:width\" content=\"1240\" \/>\n\t<meta property=\"og:image:height\" content=\"620\" \/>\n\t<meta property=\"og:image:type\" content=\"image\/png\" \/>\n<meta name=\"author\" content=\"dmc\" \/>\n<meta name=\"twitter:card\" content=\"summary_large_image\" \/>\n<meta name=\"twitter:label1\" content=\"\u00c9crit par\" \/>\n\t<meta name=\"twitter:data1\" content=\"dmc\" \/>\n\t<meta name=\"twitter:label2\" content=\"Dur\u00e9e de lecture estim\u00e9e\" \/>\n\t<meta name=\"twitter:data2\" content=\"1 minute\" \/>\n<script type=\"application\/ld+json\" class=\"yoast-schema-graph\">{\"@context\":\"https:\\\/\\\/schema.org\",\"@graph\":[{\"@type\":\"Article\",\"@id\":\"https:\\\/\\\/www.denismancarella.com\\\/fr\\\/nwf\\\/cosmetica-north-africa-2026\\\/#article\",\"isPartOf\":{\"@id\":\"https:\\\/\\\/www.denismancarella.com\\\/fr\\\/nwf\\\/cosmetica-north-africa-2026\\\/\"},\"author\":{\"name\":\"dmc\",\"@id\":\"https:\\\/\\\/www.denismancarella.com\\\/fr\\\/#\\\/schema\\\/person\\\/b44cabdab946ec1ee5b74864b7cea53d\"},\"headline\":\"Cosmetica North Africa 2026\",\"datePublished\":\"2026-01-20T15:43:21+00:00\",\"mainEntityOfPage\":{\"@id\":\"https:\\\/\\\/www.denismancarella.com\\\/fr\\\/nwf\\\/cosmetica-north-africa-2026\\\/\"},\"wordCount\":93,\"publisher\":{\"@id\":\"https:\\\/\\\/www.denismancarella.com\\\/fr\\\/#organization\"},\"image\":{\"@id\":\"https:\\\/\\\/www.denismancarella.com\\\/fr\\\/nwf\\\/cosmetica-north-africa-2026\\\/#primaryimage\"},\"thumbnailUrl\":\"https:\\\/\\\/www.denismancarella.com\\\/wp-content\\\/uploads\\\/2026\\\/01\\\/cosmetica-north-africa.png\",\"articleSection\":[\"News\"],\"inLanguage\":\"fr-FR\"},{\"@type\":\"WebPage\",\"@id\":\"https:\\\/\\\/www.denismancarella.com\\\/fr\\\/nwf\\\/cosmetica-north-africa-2026\\\/\",\"url\":\"https:\\\/\\\/www.denismancarella.com\\\/fr\\\/nwf\\\/cosmetica-north-africa-2026\\\/\",\"name\":\"Cosmetica North Africa 2026 | DMC\",\"isPartOf\":{\"@id\":\"https:\\\/\\\/www.denismancarella.com\\\/fr\\\/#website\"},\"primaryImageOfPage\":{\"@id\":\"https:\\\/\\\/www.denismancarella.com\\\/fr\\\/nwf\\\/cosmetica-north-africa-2026\\\/#primaryimage\"},\"image\":{\"@id\":\"https:\\\/\\\/www.denismancarella.com\\\/fr\\\/nwf\\\/cosmetica-north-africa-2026\\\/#primaryimage\"},\"thumbnailUrl\":\"https:\\\/\\\/www.denismancarella.com\\\/wp-content\\\/uploads\\\/2026\\\/01\\\/cosmetica-north-africa.png\",\"datePublished\":\"2026-01-20T15:43:21+00:00\",\"description\":\"DMC participe \u00e0 Cosmetica North Africa en Alg\u00e9rie du 21 au 24 janvier. Rencontrez l\u2019\u00e9quipe DMC et d\u00e9couvrez des solutions pour la production cosm\u00e9tique.\",\"breadcrumb\":{\"@id\":\"https:\\\/\\\/www.denismancarella.com\\\/fr\\\/nwf\\\/cosmetica-north-africa-2026\\\/#breadcrumb\"},\"inLanguage\":\"fr-FR\",\"potentialAction\":[{\"@type\":\"ReadAction\",\"target\":[\"https:\\\/\\\/www.denismancarella.com\\\/fr\\\/nwf\\\/cosmetica-north-africa-2026\\\/\"]}]},{\"@type\":\"ImageObject\",\"inLanguage\":\"fr-FR\",\"@id\":\"https:\\\/\\\/www.denismancarella.com\\\/fr\\\/nwf\\\/cosmetica-north-africa-2026\\\/#primaryimage\",\"url\":\"https:\\\/\\\/www.denismancarella.com\\\/wp-content\\\/uploads\\\/2026\\\/01\\\/cosmetica-north-africa.png\",\"contentUrl\":\"https:\\\/\\\/www.denismancarella.com\\\/wp-content\\\/uploads\\\/2026\\\/01\\\/cosmetica-north-africa.png\",\"width\":1240,\"height\":620,\"caption\":\"Cosmetica North Africa 2026\"},{\"@type\":\"BreadcrumbList\",\"@id\":\"https:\\\/\\\/www.denismancarella.com\\\/fr\\\/nwf\\\/cosmetica-north-africa-2026\\\/#breadcrumb\",\"itemListElement\":[{\"@type\":\"ListItem\",\"position\":1,\"name\":\"Home\",\"item\":\"https:\\\/\\\/www.denismancarella.com\\\/fr\\\/\"},{\"@type\":\"ListItem\",\"position\":2,\"name\":\"Cosmetica North Africa 2026\"}]},{\"@type\":\"WebSite\",\"@id\":\"https:\\\/\\\/www.denismancarella.com\\\/fr\\\/#website\",\"url\":\"https:\\\/\\\/www.denismancarella.com\\\/fr\\\/\",\"name\":\"DMC\",\"description\":\"Cosmetics Machinery\",\"publisher\":{\"@id\":\"https:\\\/\\\/www.denismancarella.com\\\/fr\\\/#organization\"},\"potentialAction\":[{\"@type\":\"SearchAction\",\"target\":{\"@type\":\"EntryPoint\",\"urlTemplate\":\"https:\\\/\\\/www.denismancarella.com\\\/fr\\\/?s={search_term_string}\"},\"query-input\":{\"@type\":\"PropertyValueSpecification\",\"valueRequired\":true,\"valueName\":\"search_term_string\"}}],\"inLanguage\":\"fr-FR\"},{\"@type\":\"Organization\",\"@id\":\"https:\\\/\\\/www.denismancarella.com\\\/fr\\\/#organization\",\"name\":\"DMD Srls di Denis Mancarella\",\"url\":\"https:\\\/\\\/www.denismancarella.com\\\/fr\\\/\",\"logo\":{\"@type\":\"ImageObject\",\"inLanguage\":\"fr-FR\",\"@id\":\"https:\\\/\\\/www.denismancarella.com\\\/fr\\\/#\\\/schema\\\/logo\\\/image\\\/\",\"url\":\"https:\\\/\\\/www.denismancarella.com\\\/wp-content\\\/uploads\\\/2020\\\/02\\\/logo.jpg\",\"contentUrl\":\"https:\\\/\\\/www.denismancarella.com\\\/wp-content\\\/uploads\\\/2020\\\/02\\\/logo.jpg\",\"width\":440,\"height\":132,\"caption\":\"DMD Srls di Denis Mancarella\"},\"image\":{\"@id\":\"https:\\\/\\\/www.denismancarella.com\\\/fr\\\/#\\\/schema\\\/logo\\\/image\\\/\"},\"sameAs\":[\"https:\\\/\\\/www.facebook.com\\\/DMCsrls\",\"https:\\\/\\\/www.instagram.com\\\/dmcsrl\\\/\",\"https:\\\/\\\/www.linkedin.com\\\/company\\\/dmc-srls\\\/\",\"https:\\\/\\\/www.youtube.com\\\/channel\\\/UCvjvP6_116Tb0umwjAfkVmw\\\/videos\"]},{\"@type\":\"Person\",\"@id\":\"https:\\\/\\\/www.denismancarella.com\\\/fr\\\/#\\\/schema\\\/person\\\/b44cabdab946ec1ee5b74864b7cea53d\",\"name\":\"dmc\",\"image\":{\"@type\":\"ImageObject\",\"inLanguage\":\"fr-FR\",\"@id\":\"https:\\\/\\\/secure.gravatar.com\\\/avatar\\\/9370e8234d35e21efaea0b2a03a3acc72711c6b26b5ad1d35de48406241ceab7?s=96&d=mm&r=g\",\"url\":\"https:\\\/\\\/secure.gravatar.com\\\/avatar\\\/9370e8234d35e21efaea0b2a03a3acc72711c6b26b5ad1d35de48406241ceab7?s=96&d=mm&r=g\",\"contentUrl\":\"https:\\\/\\\/secure.gravatar.com\\\/avatar\\\/9370e8234d35e21efaea0b2a03a3acc72711c6b26b5ad1d35de48406241ceab7?s=96&d=mm&r=g\",\"caption\":\"dmc\"}}]}<\/script>\n<!-- \/ Yoast SEO plugin. -->","yoast_head_json":{"title":"Cosmetica North Africa 2026 | DMC","description":"DMC participe \u00e0 Cosmetica North Africa en Alg\u00e9rie du 21 au 24 janvier. Rencontrez l\u2019\u00e9quipe DMC et d\u00e9couvrez des solutions pour la production cosm\u00e9tique.","robots":{"index":"index","follow":"follow","max-snippet":"max-snippet:-1","max-image-preview":"max-image-preview:large","max-video-preview":"max-video-preview:-1"},"canonical":"https:\/\/www.denismancarella.com\/fr\/nwf\/cosmetica-north-africa-2026\/","og_locale":"fr_FR","og_type":"article","og_title":"Cosmetica North Africa 2026 | DMC","og_description":"DMC participe \u00e0 Cosmetica North Africa en Alg\u00e9rie du 21 au 24 janvier. Rencontrez l\u2019\u00e9quipe DMC et d\u00e9couvrez des solutions pour la production cosm\u00e9tique.","og_url":"https:\/\/www.denismancarella.com\/fr\/nwf\/cosmetica-north-africa-2026\/","og_site_name":"DMC","article_publisher":"https:\/\/www.facebook.com\/DMCsrls","article_published_time":"2026-01-20T15:43:21+00:00","og_image":[{"width":1240,"height":620,"url":"https:\/\/www.denismancarella.com\/wp-content\/uploads\/2026\/01\/cosmetica-north-africa.png","type":"image\/png"}],"author":"dmc","twitter_card":"summary_large_image","twitter_misc":{"\u00c9crit par":"dmc","Dur\u00e9e de lecture estim\u00e9e":"1 minute"},"schema":{"@context":"https:\/\/schema.org","@graph":[{"@type":"Article","@id":"https:\/\/www.denismancarella.com\/fr\/nwf\/cosmetica-north-africa-2026\/#article","isPartOf":{"@id":"https:\/\/www.denismancarella.com\/fr\/nwf\/cosmetica-north-africa-2026\/"},"author":{"name":"dmc","@id":"https:\/\/www.denismancarella.com\/fr\/#\/schema\/person\/b44cabdab946ec1ee5b74864b7cea53d"},"headline":"Cosmetica North Africa 2026","datePublished":"2026-01-20T15:43:21+00:00","mainEntityOfPage":{"@id":"https:\/\/www.denismancarella.com\/fr\/nwf\/cosmetica-north-africa-2026\/"},"wordCount":93,"publisher":{"@id":"https:\/\/www.denismancarella.com\/fr\/#organization"},"image":{"@id":"https:\/\/www.denismancarella.com\/fr\/nwf\/cosmetica-north-africa-2026\/#primaryimage"},"thumbnailUrl":"https:\/\/www.denismancarella.com\/wp-content\/uploads\/2026\/01\/cosmetica-north-africa.png","articleSection":["News"],"inLanguage":"fr-FR"},{"@type":"WebPage","@id":"https:\/\/www.denismancarella.com\/fr\/nwf\/cosmetica-north-africa-2026\/","url":"https:\/\/www.denismancarella.com\/fr\/nwf\/cosmetica-north-africa-2026\/","name":"Cosmetica North Africa 2026 | DMC","isPartOf":{"@id":"https:\/\/www.denismancarella.com\/fr\/#website"},"primaryImageOfPage":{"@id":"https:\/\/www.denismancarella.com\/fr\/nwf\/cosmetica-north-africa-2026\/#primaryimage"},"image":{"@id":"https:\/\/www.denismancarella.com\/fr\/nwf\/cosmetica-north-africa-2026\/#primaryimage"},"thumbnailUrl":"https:\/\/www.denismancarella.com\/wp-content\/uploads\/2026\/01\/cosmetica-north-africa.png","datePublished":"2026-01-20T15:43:21+00:00","description":"DMC participe \u00e0 Cosmetica North Africa en Alg\u00e9rie du 21 au 24 janvier. Rencontrez l\u2019\u00e9quipe DMC et d\u00e9couvrez des solutions pour la production cosm\u00e9tique.","breadcrumb":{"@id":"https:\/\/www.denismancarella.com\/fr\/nwf\/cosmetica-north-africa-2026\/#breadcrumb"},"inLanguage":"fr-FR","potentialAction":[{"@type":"ReadAction","target":["https:\/\/www.denismancarella.com\/fr\/nwf\/cosmetica-north-africa-2026\/"]}]},{"@type":"ImageObject","inLanguage":"fr-FR","@id":"https:\/\/www.denismancarella.com\/fr\/nwf\/cosmetica-north-africa-2026\/#primaryimage","url":"https:\/\/www.denismancarella.com\/wp-content\/uploads\/2026\/01\/cosmetica-north-africa.png","contentUrl":"https:\/\/www.denismancarella.com\/wp-content\/uploads\/2026\/01\/cosmetica-north-africa.png","width":1240,"height":620,"caption":"Cosmetica North Africa 2026"},{"@type":"BreadcrumbList","@id":"https:\/\/www.denismancarella.com\/fr\/nwf\/cosmetica-north-africa-2026\/#breadcrumb","itemListElement":[{"@type":"ListItem","position":1,"name":"Home","item":"https:\/\/www.denismancarella.com\/fr\/"},{"@type":"ListItem","position":2,"name":"Cosmetica North Africa 2026"}]},{"@type":"WebSite","@id":"https:\/\/www.denismancarella.com\/fr\/#website","url":"https:\/\/www.denismancarella.com\/fr\/","name":"DMC","description":"Cosmetics Machinery","publisher":{"@id":"https:\/\/www.denismancarella.com\/fr\/#organization"},"potentialAction":[{"@type":"SearchAction","target":{"@type":"EntryPoint","urlTemplate":"https:\/\/www.denismancarella.com\/fr\/?s={search_term_string}"},"query-input":{"@type":"PropertyValueSpecification","valueRequired":true,"valueName":"search_term_string"}}],"inLanguage":"fr-FR"},{"@type":"Organization","@id":"https:\/\/www.denismancarella.com\/fr\/#organization","name":"DMD Srls di Denis Mancarella","url":"https:\/\/www.denismancarella.com\/fr\/","logo":{"@type":"ImageObject","inLanguage":"fr-FR","@id":"https:\/\/www.denismancarella.com\/fr\/#\/schema\/logo\/image\/","url":"https:\/\/www.denismancarella.com\/wp-content\/uploads\/2020\/02\/logo.jpg","contentUrl":"https:\/\/www.denismancarella.com\/wp-content\/uploads\/2020\/02\/logo.jpg","width":440,"height":132,"caption":"DMD Srls di Denis Mancarella"},"image":{"@id":"https:\/\/www.denismancarella.com\/fr\/#\/schema\/logo\/image\/"},"sameAs":["https:\/\/www.facebook.com\/DMCsrls","https:\/\/www.instagram.com\/dmcsrl\/","https:\/\/www.linkedin.com\/company\/dmc-srls\/","https:\/\/www.youtube.com\/channel\/UCvjvP6_116Tb0umwjAfkVmw\/videos"]},{"@type":"Person","@id":"https:\/\/www.denismancarella.com\/fr\/#\/schema\/person\/b44cabdab946ec1ee5b74864b7cea53d","name":"dmc","image":{"@type":"ImageObject","inLanguage":"fr-FR","@id":"https:\/\/secure.gravatar.com\/avatar\/9370e8234d35e21efaea0b2a03a3acc72711c6b26b5ad1d35de48406241ceab7?s=96&d=mm&r=g","url":"https:\/\/secure.gravatar.com\/avatar\/9370e8234d35e21efaea0b2a03a3acc72711c6b26b5ad1d35de48406241ceab7?s=96&d=mm&r=g","contentUrl":"https:\/\/secure.gravatar.com\/avatar\/9370e8234d35e21efaea0b2a03a3acc72711c6b26b5ad1d35de48406241ceab7?s=96&d=mm&r=g","caption":"dmc"}}]}},"_links":{"self":[{"href":"https:\/\/www.denismancarella.com\/fr\/wp-json\/wp\/v2\/posts\/4224","targetHints":{"allow":["GET"]}}],"collection":[{"href":"https:\/\/www.denismancarella.com\/fr\/wp-json\/wp\/v2\/posts"}],"about":[{"href":"https:\/\/www.denismancarella.com\/fr\/wp-json\/wp\/v2\/types\/post"}],"author":[{"embeddable":true,"href":"https:\/\/www.denismancarella.com\/fr\/wp-json\/wp\/v2\/users\/2"}],"replies":[{"embeddable":true,"href":"https:\/\/www.denismancarella.com\/fr\/wp-json\/wp\/v2\/comments?post=4224"}],"version-history":[{"count":1,"href":"https:\/\/www.denismancarella.com\/fr\/wp-json\/wp\/v2\/posts\/4224\/revisions"}],"predecessor-version":[{"id":4225,"href":"https:\/\/www.denismancarella.com\/fr\/wp-json\/wp\/v2\/posts\/4224\/revisions\/4225"}],"wp:featuredmedia":[{"embeddable":true,"href":"https:\/\/www.denismancarella.com\/fr\/wp-json\/wp\/v2\/media\/4219"}],"wp:attachment":[{"href":"https:\/\/www.denismancarella.com\/fr\/wp-json\/wp\/v2\/media?parent=4224"}],"wp:term":[{"taxonomy":"category","embeddable":true,"href":"https:\/\/www.denismancarella.com\/fr\/wp-json\/wp\/v2\/categories?post=4224"},{"taxonomy":"post_tag","embeddable":true,"href":"https:\/\/www.denismancarella.com\/fr\/wp-json\/wp\/v2\/tags?post=4224"}],"curies":[{"name":"wp","href":"https:\/\/api.w.org\/{rel}","templated":true}]}}