{"id":4226,"date":"2026-01-20T16:45:47","date_gmt":"2026-01-20T15:45:47","guid":{"rendered":"https:\/\/www.denismancarella.com\/?p=4226"},"modified":"2026-01-20T16:45:47","modified_gmt":"2026-01-20T15:45:47","slug":"cosmetica-north-africa-2026","status":"publish","type":"post","link":"https:\/\/www.denismancarella.com\/es\/news\/cosmetica-north-africa-2026\/","title":{"rendered":"Cosmetica North Africa 2026"},"content":{"rendered":"<p style=\"text-align: center;\" data-start=\"150\" data-end=\"250\">Del <strong data-start=\"154\" data-end=\"175\">21 al 24 de enero<\/strong>, DMC estar\u00e1 en <strong data-start=\"191\" data-end=\"202\">Argelia<\/strong> en <strong data-start=\"206\" data-end=\"232\">Cosmetica North Africa<\/strong> (<strong data-start=\"234\" data-end=\"248\">Stand IT02<\/strong>).<\/p>\n<p style=\"text-align: center;\" data-start=\"252\" data-end=\"457\">En la feria podr\u00e1s conocer a <strong data-start=\"281\" data-end=\"291\">Carlos<\/strong>, Director de <strong data-start=\"305\" data-end=\"320\">DMC Iberica<\/strong> \u2014 nuestra divisi\u00f3n inaugurada en <strong data-start=\"354\" data-end=\"362\">2025<\/strong>, creada para ser un punto de referencia directo para los mercados <strong data-start=\"429\" data-end=\"456\">ib\u00e9rico y norteafricano<\/strong>.<\/p>\n<p style=\"text-align: center;\" data-start=\"459\" data-end=\"692\">Tanto si est\u00e1s optimizando una l\u00ednea de producci\u00f3n existente como si est\u00e1s iniciando un proyecto desde cero, estaremos disponibles para ofrecer <strong data-start=\"603\" data-end=\"637\">asesoramiento t\u00e9cnico pr\u00e1ctico<\/strong> y una orientaci\u00f3n clara para tu desarrollo productivo.<\/p>\n<p style=\"text-align: center;\" data-start=\"459\" data-end=\"692\"><a href=\"mailto:iberica@denismancarella.com\"><strong>RESERVE SU REUNION<\/strong><\/a><\/p>\n","protected":false},"excerpt":{"rendered":"<p>Del 21 al 24 de enero, DMC estar\u00e1 en Argelia en Cosmetica North Africa (Stand IT02). En la feria podr\u00e1s conocer a Carlos, Director de DMC Iberica \u2014 nuestra divisi\u00f3n inaugurada en 2025, creada para ser un punto de referencia directo para los mercados ib\u00e9rico y norteafricano. Tanto si est\u00e1s optimizando una l\u00ednea de producci\u00f3n [&hellip;]<\/p>\n","protected":false},"author":2,"featured_media":4220,"comment_status":"closed","ping_status":"open","sticky":false,"template":"","format":"standard","meta":{"_acf_changed":false,"footnotes":""},"categories":[61],"tags":[],"class_list":["post-4226","post","type-post","status-publish","format-standard","has-post-thumbnail","hentry","category-news"],"acf":[],"yoast_head":"<!-- This site is optimized with the Yoast SEO plugin v28.3 - https:\/\/yoast.com\/product\/yoast-seo-wordpress\/ -->\n<title>Cosmetica North Africa 2026 | DMC<\/title>\n<meta name=\"description\" content=\"DMC participa en Cosmetica North Africa en Argelia del 21 al 24 de enero. Conoce al equipo de DMC y descubre soluciones para la producci\u00f3n cosm\u00e9tica.\" \/>\n<meta name=\"robots\" content=\"index, follow, max-snippet:-1, max-image-preview:large, max-video-preview:-1\" \/>\n<link rel=\"canonical\" href=\"https:\/\/www.denismancarella.com\/es\/news\/cosmetica-north-africa-2026\/\" \/>\n<meta property=\"og:locale\" content=\"es_ES\" \/>\n<meta property=\"og:type\" content=\"article\" \/>\n<meta property=\"og:title\" content=\"Cosmetica North Africa 2026 | DMC\" \/>\n<meta property=\"og:description\" content=\"DMC participa en Cosmetica North Africa en Argelia del 21 al 24 de enero. Conoce al equipo de DMC y descubre soluciones para la producci\u00f3n cosm\u00e9tica.\" \/>\n<meta property=\"og:url\" content=\"https:\/\/www.denismancarella.com\/es\/news\/cosmetica-north-africa-2026\/\" \/>\n<meta property=\"og:site_name\" content=\"DMC\" \/>\n<meta property=\"article:publisher\" content=\"https:\/\/www.facebook.com\/DMCsrls\" \/>\n<meta property=\"article:published_time\" content=\"2026-01-20T15:45:47+00:00\" \/>\n<meta property=\"og:image\" content=\"https:\/\/www.denismancarella.com\/wp-content\/uploads\/2026\/01\/cosmetica-north-africa.png\" \/>\n\t<meta property=\"og:image:width\" content=\"1240\" \/>\n\t<meta property=\"og:image:height\" content=\"620\" \/>\n\t<meta property=\"og:image:type\" content=\"image\/png\" \/>\n<meta name=\"author\" content=\"dmc\" \/>\n<meta name=\"twitter:card\" content=\"summary_large_image\" \/>\n<meta name=\"twitter:label1\" content=\"Escrito por\" \/>\n\t<meta name=\"twitter:data1\" content=\"dmc\" \/>\n\t<meta name=\"twitter:label2\" content=\"Tiempo de lectura\" \/>\n\t<meta name=\"twitter:data2\" content=\"1 minuto\" \/>\n<script type=\"application\/ld+json\" class=\"yoast-schema-graph\">{\"@context\":\"https:\\\/\\\/schema.org\",\"@graph\":[{\"@type\":\"Article\",\"@id\":\"https:\\\/\\\/www.denismancarella.com\\\/es\\\/news\\\/cosmetica-north-africa-2026\\\/#article\",\"isPartOf\":{\"@id\":\"https:\\\/\\\/www.denismancarella.com\\\/es\\\/news\\\/cosmetica-north-africa-2026\\\/\"},\"author\":{\"name\":\"dmc\",\"@id\":\"https:\\\/\\\/www.denismancarella.com\\\/es\\\/#\\\/schema\\\/person\\\/b44cabdab946ec1ee5b74864b7cea53d\"},\"headline\":\"Cosmetica North Africa 2026\",\"datePublished\":\"2026-01-20T15:45:47+00:00\",\"mainEntityOfPage\":{\"@id\":\"https:\\\/\\\/www.denismancarella.com\\\/es\\\/news\\\/cosmetica-north-africa-2026\\\/\"},\"wordCount\":91,\"publisher\":{\"@id\":\"https:\\\/\\\/www.denismancarella.com\\\/es\\\/#organization\"},\"image\":{\"@id\":\"https:\\\/\\\/www.denismancarella.com\\\/es\\\/news\\\/cosmetica-north-africa-2026\\\/#primaryimage\"},\"thumbnailUrl\":\"https:\\\/\\\/www.denismancarella.com\\\/wp-content\\\/uploads\\\/2026\\\/01\\\/cosmetica-north-africa.png\",\"articleSection\":[\"News\"],\"inLanguage\":\"es\"},{\"@type\":\"WebPage\",\"@id\":\"https:\\\/\\\/www.denismancarella.com\\\/es\\\/news\\\/cosmetica-north-africa-2026\\\/\",\"url\":\"https:\\\/\\\/www.denismancarella.com\\\/es\\\/news\\\/cosmetica-north-africa-2026\\\/\",\"name\":\"Cosmetica North Africa 2026 | DMC\",\"isPartOf\":{\"@id\":\"https:\\\/\\\/www.denismancarella.com\\\/es\\\/#website\"},\"primaryImageOfPage\":{\"@id\":\"https:\\\/\\\/www.denismancarella.com\\\/es\\\/news\\\/cosmetica-north-africa-2026\\\/#primaryimage\"},\"image\":{\"@id\":\"https:\\\/\\\/www.denismancarella.com\\\/es\\\/news\\\/cosmetica-north-africa-2026\\\/#primaryimage\"},\"thumbnailUrl\":\"https:\\\/\\\/www.denismancarella.com\\\/wp-content\\\/uploads\\\/2026\\\/01\\\/cosmetica-north-africa.png\",\"datePublished\":\"2026-01-20T15:45:47+00:00\",\"description\":\"DMC participa en Cosmetica North Africa en Argelia del 21 al 24 de enero. Conoce al equipo de DMC y descubre soluciones para la producci\u00f3n cosm\u00e9tica.\",\"breadcrumb\":{\"@id\":\"https:\\\/\\\/www.denismancarella.com\\\/es\\\/news\\\/cosmetica-north-africa-2026\\\/#breadcrumb\"},\"inLanguage\":\"es\",\"potentialAction\":[{\"@type\":\"ReadAction\",\"target\":[\"https:\\\/\\\/www.denismancarella.com\\\/es\\\/news\\\/cosmetica-north-africa-2026\\\/\"]}]},{\"@type\":\"ImageObject\",\"inLanguage\":\"es\",\"@id\":\"https:\\\/\\\/www.denismancarella.com\\\/es\\\/news\\\/cosmetica-north-africa-2026\\\/#primaryimage\",\"url\":\"https:\\\/\\\/www.denismancarella.com\\\/wp-content\\\/uploads\\\/2026\\\/01\\\/cosmetica-north-africa.png\",\"contentUrl\":\"https:\\\/\\\/www.denismancarella.com\\\/wp-content\\\/uploads\\\/2026\\\/01\\\/cosmetica-north-africa.png\",\"width\":1240,\"height\":620,\"caption\":\"Cosmetica North Africa 2026\"},{\"@type\":\"BreadcrumbList\",\"@id\":\"https:\\\/\\\/www.denismancarella.com\\\/es\\\/news\\\/cosmetica-north-africa-2026\\\/#breadcrumb\",\"itemListElement\":[{\"@type\":\"ListItem\",\"position\":1,\"name\":\"Home\",\"item\":\"https:\\\/\\\/www.denismancarella.com\\\/es\\\/\"},{\"@type\":\"ListItem\",\"position\":2,\"name\":\"Cosmetica North Africa 2026\"}]},{\"@type\":\"WebSite\",\"@id\":\"https:\\\/\\\/www.denismancarella.com\\\/es\\\/#website\",\"url\":\"https:\\\/\\\/www.denismancarella.com\\\/es\\\/\",\"name\":\"DMC\",\"description\":\"Cosmetics Machinery\",\"publisher\":{\"@id\":\"https:\\\/\\\/www.denismancarella.com\\\/es\\\/#organization\"},\"potentialAction\":[{\"@type\":\"SearchAction\",\"target\":{\"@type\":\"EntryPoint\",\"urlTemplate\":\"https:\\\/\\\/www.denismancarella.com\\\/es\\\/?s={search_term_string}\"},\"query-input\":{\"@type\":\"PropertyValueSpecification\",\"valueRequired\":true,\"valueName\":\"search_term_string\"}}],\"inLanguage\":\"es\"},{\"@type\":\"Organization\",\"@id\":\"https:\\\/\\\/www.denismancarella.com\\\/es\\\/#organization\",\"name\":\"DMD Srls di Denis Mancarella\",\"url\":\"https:\\\/\\\/www.denismancarella.com\\\/es\\\/\",\"logo\":{\"@type\":\"ImageObject\",\"inLanguage\":\"es\",\"@id\":\"https:\\\/\\\/www.denismancarella.com\\\/es\\\/#\\\/schema\\\/logo\\\/image\\\/\",\"url\":\"https:\\\/\\\/www.denismancarella.com\\\/wp-content\\\/uploads\\\/2020\\\/02\\\/logo.jpg\",\"contentUrl\":\"https:\\\/\\\/www.denismancarella.com\\\/wp-content\\\/uploads\\\/2020\\\/02\\\/logo.jpg\",\"width\":440,\"height\":132,\"caption\":\"DMD Srls di Denis Mancarella\"},\"image\":{\"@id\":\"https:\\\/\\\/www.denismancarella.com\\\/es\\\/#\\\/schema\\\/logo\\\/image\\\/\"},\"sameAs\":[\"https:\\\/\\\/www.facebook.com\\\/DMCsrls\",\"https:\\\/\\\/www.instagram.com\\\/dmcsrl\\\/\",\"https:\\\/\\\/www.linkedin.com\\\/company\\\/dmc-srls\\\/\",\"https:\\\/\\\/www.youtube.com\\\/channel\\\/UCvjvP6_116Tb0umwjAfkVmw\\\/videos\"]},{\"@type\":\"Person\",\"@id\":\"https:\\\/\\\/www.denismancarella.com\\\/es\\\/#\\\/schema\\\/person\\\/b44cabdab946ec1ee5b74864b7cea53d\",\"name\":\"dmc\",\"image\":{\"@type\":\"ImageObject\",\"inLanguage\":\"es\",\"@id\":\"https:\\\/\\\/secure.gravatar.com\\\/avatar\\\/9370e8234d35e21efaea0b2a03a3acc72711c6b26b5ad1d35de48406241ceab7?s=96&d=mm&r=g\",\"url\":\"https:\\\/\\\/secure.gravatar.com\\\/avatar\\\/9370e8234d35e21efaea0b2a03a3acc72711c6b26b5ad1d35de48406241ceab7?s=96&d=mm&r=g\",\"contentUrl\":\"https:\\\/\\\/secure.gravatar.com\\\/avatar\\\/9370e8234d35e21efaea0b2a03a3acc72711c6b26b5ad1d35de48406241ceab7?s=96&d=mm&r=g\",\"caption\":\"dmc\"}}]}<\/script>\n<!-- \/ Yoast SEO plugin. -->","yoast_head_json":{"title":"Cosmetica North Africa 2026 | DMC","description":"DMC participa en Cosmetica North Africa en Argelia del 21 al 24 de enero. Conoce al equipo de DMC y descubre soluciones para la producci\u00f3n cosm\u00e9tica.","robots":{"index":"index","follow":"follow","max-snippet":"max-snippet:-1","max-image-preview":"max-image-preview:large","max-video-preview":"max-video-preview:-1"},"canonical":"https:\/\/www.denismancarella.com\/es\/news\/cosmetica-north-africa-2026\/","og_locale":"es_ES","og_type":"article","og_title":"Cosmetica North Africa 2026 | DMC","og_description":"DMC participa en Cosmetica North Africa en Argelia del 21 al 24 de enero. Conoce al equipo de DMC y descubre soluciones para la producci\u00f3n cosm\u00e9tica.","og_url":"https:\/\/www.denismancarella.com\/es\/news\/cosmetica-north-africa-2026\/","og_site_name":"DMC","article_publisher":"https:\/\/www.facebook.com\/DMCsrls","article_published_time":"2026-01-20T15:45:47+00:00","og_image":[{"width":1240,"height":620,"url":"https:\/\/www.denismancarella.com\/wp-content\/uploads\/2026\/01\/cosmetica-north-africa.png","type":"image\/png"}],"author":"dmc","twitter_card":"summary_large_image","twitter_misc":{"Escrito por":"dmc","Tiempo de lectura":"1 minuto"},"schema":{"@context":"https:\/\/schema.org","@graph":[{"@type":"Article","@id":"https:\/\/www.denismancarella.com\/es\/news\/cosmetica-north-africa-2026\/#article","isPartOf":{"@id":"https:\/\/www.denismancarella.com\/es\/news\/cosmetica-north-africa-2026\/"},"author":{"name":"dmc","@id":"https:\/\/www.denismancarella.com\/es\/#\/schema\/person\/b44cabdab946ec1ee5b74864b7cea53d"},"headline":"Cosmetica North Africa 2026","datePublished":"2026-01-20T15:45:47+00:00","mainEntityOfPage":{"@id":"https:\/\/www.denismancarella.com\/es\/news\/cosmetica-north-africa-2026\/"},"wordCount":91,"publisher":{"@id":"https:\/\/www.denismancarella.com\/es\/#organization"},"image":{"@id":"https:\/\/www.denismancarella.com\/es\/news\/cosmetica-north-africa-2026\/#primaryimage"},"thumbnailUrl":"https:\/\/www.denismancarella.com\/wp-content\/uploads\/2026\/01\/cosmetica-north-africa.png","articleSection":["News"],"inLanguage":"es"},{"@type":"WebPage","@id":"https:\/\/www.denismancarella.com\/es\/news\/cosmetica-north-africa-2026\/","url":"https:\/\/www.denismancarella.com\/es\/news\/cosmetica-north-africa-2026\/","name":"Cosmetica North Africa 2026 | DMC","isPartOf":{"@id":"https:\/\/www.denismancarella.com\/es\/#website"},"primaryImageOfPage":{"@id":"https:\/\/www.denismancarella.com\/es\/news\/cosmetica-north-africa-2026\/#primaryimage"},"image":{"@id":"https:\/\/www.denismancarella.com\/es\/news\/cosmetica-north-africa-2026\/#primaryimage"},"thumbnailUrl":"https:\/\/www.denismancarella.com\/wp-content\/uploads\/2026\/01\/cosmetica-north-africa.png","datePublished":"2026-01-20T15:45:47+00:00","description":"DMC participa en Cosmetica North Africa en Argelia del 21 al 24 de enero. Conoce al equipo de DMC y descubre soluciones para la producci\u00f3n cosm\u00e9tica.","breadcrumb":{"@id":"https:\/\/www.denismancarella.com\/es\/news\/cosmetica-north-africa-2026\/#breadcrumb"},"inLanguage":"es","potentialAction":[{"@type":"ReadAction","target":["https:\/\/www.denismancarella.com\/es\/news\/cosmetica-north-africa-2026\/"]}]},{"@type":"ImageObject","inLanguage":"es","@id":"https:\/\/www.denismancarella.com\/es\/news\/cosmetica-north-africa-2026\/#primaryimage","url":"https:\/\/www.denismancarella.com\/wp-content\/uploads\/2026\/01\/cosmetica-north-africa.png","contentUrl":"https:\/\/www.denismancarella.com\/wp-content\/uploads\/2026\/01\/cosmetica-north-africa.png","width":1240,"height":620,"caption":"Cosmetica North Africa 2026"},{"@type":"BreadcrumbList","@id":"https:\/\/www.denismancarella.com\/es\/news\/cosmetica-north-africa-2026\/#breadcrumb","itemListElement":[{"@type":"ListItem","position":1,"name":"Home","item":"https:\/\/www.denismancarella.com\/es\/"},{"@type":"ListItem","position":2,"name":"Cosmetica North Africa 2026"}]},{"@type":"WebSite","@id":"https:\/\/www.denismancarella.com\/es\/#website","url":"https:\/\/www.denismancarella.com\/es\/","name":"DMC","description":"Cosmetics Machinery","publisher":{"@id":"https:\/\/www.denismancarella.com\/es\/#organization"},"potentialAction":[{"@type":"SearchAction","target":{"@type":"EntryPoint","urlTemplate":"https:\/\/www.denismancarella.com\/es\/?s={search_term_string}"},"query-input":{"@type":"PropertyValueSpecification","valueRequired":true,"valueName":"search_term_string"}}],"inLanguage":"es"},{"@type":"Organization","@id":"https:\/\/www.denismancarella.com\/es\/#organization","name":"DMD Srls di Denis Mancarella","url":"https:\/\/www.denismancarella.com\/es\/","logo":{"@type":"ImageObject","inLanguage":"es","@id":"https:\/\/www.denismancarella.com\/es\/#\/schema\/logo\/image\/","url":"https:\/\/www.denismancarella.com\/wp-content\/uploads\/2020\/02\/logo.jpg","contentUrl":"https:\/\/www.denismancarella.com\/wp-content\/uploads\/2020\/02\/logo.jpg","width":440,"height":132,"caption":"DMD Srls di Denis Mancarella"},"image":{"@id":"https:\/\/www.denismancarella.com\/es\/#\/schema\/logo\/image\/"},"sameAs":["https:\/\/www.facebook.com\/DMCsrls","https:\/\/www.instagram.com\/dmcsrl\/","https:\/\/www.linkedin.com\/company\/dmc-srls\/","https:\/\/www.youtube.com\/channel\/UCvjvP6_116Tb0umwjAfkVmw\/videos"]},{"@type":"Person","@id":"https:\/\/www.denismancarella.com\/es\/#\/schema\/person\/b44cabdab946ec1ee5b74864b7cea53d","name":"dmc","image":{"@type":"ImageObject","inLanguage":"es","@id":"https:\/\/secure.gravatar.com\/avatar\/9370e8234d35e21efaea0b2a03a3acc72711c6b26b5ad1d35de48406241ceab7?s=96&d=mm&r=g","url":"https:\/\/secure.gravatar.com\/avatar\/9370e8234d35e21efaea0b2a03a3acc72711c6b26b5ad1d35de48406241ceab7?s=96&d=mm&r=g","contentUrl":"https:\/\/secure.gravatar.com\/avatar\/9370e8234d35e21efaea0b2a03a3acc72711c6b26b5ad1d35de48406241ceab7?s=96&d=mm&r=g","caption":"dmc"}}]}},"_links":{"self":[{"href":"https:\/\/www.denismancarella.com\/es\/wp-json\/wp\/v2\/posts\/4226","targetHints":{"allow":["GET"]}}],"collection":[{"href":"https:\/\/www.denismancarella.com\/es\/wp-json\/wp\/v2\/posts"}],"about":[{"href":"https:\/\/www.denismancarella.com\/es\/wp-json\/wp\/v2\/types\/post"}],"author":[{"embeddable":true,"href":"https:\/\/www.denismancarella.com\/es\/wp-json\/wp\/v2\/users\/2"}],"replies":[{"embeddable":true,"href":"https:\/\/www.denismancarella.com\/es\/wp-json\/wp\/v2\/comments?post=4226"}],"version-history":[{"count":1,"href":"https:\/\/www.denismancarella.com\/es\/wp-json\/wp\/v2\/posts\/4226\/revisions"}],"predecessor-version":[{"id":4227,"href":"https:\/\/www.denismancarella.com\/es\/wp-json\/wp\/v2\/posts\/4226\/revisions\/4227"}],"wp:featuredmedia":[{"embeddable":true,"href":"https:\/\/www.denismancarella.com\/es\/wp-json\/wp\/v2\/media\/4220"}],"wp:attachment":[{"href":"https:\/\/www.denismancarella.com\/es\/wp-json\/wp\/v2\/media?parent=4226"}],"wp:term":[{"taxonomy":"category","embeddable":true,"href":"https:\/\/www.denismancarella.com\/es\/wp-json\/wp\/v2\/categories?post=4226"},{"taxonomy":"post_tag","embeddable":true,"href":"https:\/\/www.denismancarella.com\/es\/wp-json\/wp\/v2\/tags?post=4226"}],"curies":[{"name":"wp","href":"https:\/\/api.w.org\/{rel}","templated":true}]}}