{"id":3161,"date":"2024-01-11T12:37:04","date_gmt":"2024-01-11T11:37:04","guid":{"rendered":"https:\/\/www.denismancarella.com\/?p=3161"},"modified":"2024-01-16T11:31:17","modified_gmt":"2024-01-16T10:31:17","slug":"vitafoods-europe-2024","status":"publish","type":"post","link":"https:\/\/www.denismancarella.com\/es\/news\/vitafoods-europe-2024\/","title":{"rendered":"VITAFOODS EUROPE 2024"},"content":{"rendered":"<p style=\"text-align: center;\"><a href=\"https:\/\/www.vitafoods.eu.com\/en\/home.html\"><b>Vitafoods Europe<\/b><\/a> <span style=\"font-weight: 400;\">es el evento m\u00e1s importante del sector nutrac\u00e9utico, al que asisten m\u00e1s de 24.000 expertos del sector procedentes de m\u00e1s de 110 pa\u00edses, ofrece la plataforma perfecta para establecer contactos, aprender y forjar colaboraciones a largo plazo en el sector de la salud y la nutrici\u00f3n, buscar ingredientes y productos innovadores de calidad, descubrir soluciones para el desarrollo de productos y reunirse con expertos t\u00e9cnicos y l\u00edderes de opini\u00f3n.<\/span><\/p>\n<p style=\"text-align: center;\"><span style=\"font-weight: 400;\">\u00a0<\/span><\/p>\n<p style=\"text-align: center;\"><a href=\"mailto:tecnico@denismancarella.com\" target=\"_blank\" rel=\"noopener\"><b>RESERVE SU REUNION<\/b><\/a><\/p>\n","protected":false},"excerpt":{"rendered":"<p>Vitafoods Europe es el evento m\u00e1s importante del sector nutrac\u00e9utico, al que asisten m\u00e1s de 24.000 expertos del sector procedentes de m\u00e1s de 110 pa\u00edses, ofrece la plataforma perfecta para establecer contactos, aprender y forjar colaboraciones a largo plazo en el sector de la salud y la nutrici\u00f3n, buscar ingredientes y productos innovadores de calidad, [&hellip;]<\/p>\n","protected":false},"author":2,"featured_media":3162,"comment_status":"closed","ping_status":"open","sticky":false,"template":"","format":"standard","meta":{"_acf_changed":false,"footnotes":""},"categories":[61],"tags":[],"class_list":["post-3161","post","type-post","status-publish","format-standard","has-post-thumbnail","hentry","category-news"],"acf":[],"yoast_head":"<!-- This site is optimized with the Yoast SEO plugin v28.3 - https:\/\/yoast.com\/product\/yoast-seo-wordpress\/ -->\n<title>DMC expone en Vitafoods Europa 2024<\/title>\n<meta name=\"description\" content=\"Vitafoods Europe es el evento m\u00e1s importante del sector nutrac\u00e9utico, al que asisten m\u00e1s de 24.000 expertos del sector.\" \/>\n<meta name=\"robots\" content=\"index, follow, max-snippet:-1, max-image-preview:large, max-video-preview:-1\" \/>\n<link rel=\"canonical\" href=\"https:\/\/www.denismancarella.com\/es\/news\/vitafoods-europe-2024\/\" \/>\n<meta property=\"og:locale\" content=\"es_ES\" \/>\n<meta property=\"og:type\" content=\"article\" \/>\n<meta property=\"og:title\" content=\"DMC expone en Vitafoods Europa 2024\" \/>\n<meta property=\"og:description\" content=\"Vitafoods Europe es el evento m\u00e1s importante del sector nutrac\u00e9utico, al que asisten m\u00e1s de 24.000 expertos del sector.\" \/>\n<meta property=\"og:url\" content=\"https:\/\/www.denismancarella.com\/es\/news\/vitafoods-europe-2024\/\" \/>\n<meta property=\"og:site_name\" content=\"DMC\" \/>\n<meta property=\"article:publisher\" content=\"https:\/\/www.facebook.com\/DMCsrls\" \/>\n<meta property=\"article:published_time\" content=\"2024-01-11T11:37:04+00:00\" \/>\n<meta property=\"article:modified_time\" content=\"2024-01-16T10:31:17+00:00\" \/>\n<meta property=\"og:image\" content=\"https:\/\/www.denismancarella.com\/wp-content\/uploads\/2024\/01\/vitafoods-2024-europe.png\" \/>\n\t<meta property=\"og:image:width\" content=\"1240\" \/>\n\t<meta property=\"og:image:height\" content=\"694\" \/>\n\t<meta property=\"og:image:type\" content=\"image\/png\" \/>\n<meta name=\"author\" content=\"dmc\" \/>\n<meta name=\"twitter:card\" content=\"summary_large_image\" \/>\n<meta name=\"twitter:label1\" content=\"Escrito por\" \/>\n\t<meta name=\"twitter:data1\" content=\"dmc\" \/>\n\t<meta name=\"twitter:label2\" content=\"Tiempo de lectura\" \/>\n\t<meta name=\"twitter:data2\" content=\"1 minuto\" \/>\n<script type=\"application\/ld+json\" class=\"yoast-schema-graph\">{\"@context\":\"https:\\\/\\\/schema.org\",\"@graph\":[{\"@type\":\"Article\",\"@id\":\"https:\\\/\\\/www.denismancarella.com\\\/es\\\/news\\\/vitafoods-europe-2024\\\/#article\",\"isPartOf\":{\"@id\":\"https:\\\/\\\/www.denismancarella.com\\\/es\\\/news\\\/vitafoods-europe-2024\\\/\"},\"author\":{\"name\":\"dmc\",\"@id\":\"https:\\\/\\\/www.denismancarella.com\\\/es\\\/#\\\/schema\\\/person\\\/b44cabdab946ec1ee5b74864b7cea53d\"},\"headline\":\"VITAFOODS EUROPE 2024\",\"datePublished\":\"2024-01-11T11:37:04+00:00\",\"dateModified\":\"2024-01-16T10:31:17+00:00\",\"mainEntityOfPage\":{\"@id\":\"https:\\\/\\\/www.denismancarella.com\\\/es\\\/news\\\/vitafoods-europe-2024\\\/\"},\"wordCount\":83,\"publisher\":{\"@id\":\"https:\\\/\\\/www.denismancarella.com\\\/es\\\/#organization\"},\"image\":{\"@id\":\"https:\\\/\\\/www.denismancarella.com\\\/es\\\/news\\\/vitafoods-europe-2024\\\/#primaryimage\"},\"thumbnailUrl\":\"https:\\\/\\\/www.denismancarella.com\\\/wp-content\\\/uploads\\\/2024\\\/01\\\/vitafoods-2024-europe.png\",\"articleSection\":[\"News\"],\"inLanguage\":\"es\"},{\"@type\":\"WebPage\",\"@id\":\"https:\\\/\\\/www.denismancarella.com\\\/es\\\/news\\\/vitafoods-europe-2024\\\/\",\"url\":\"https:\\\/\\\/www.denismancarella.com\\\/es\\\/news\\\/vitafoods-europe-2024\\\/\",\"name\":\"DMC expone en Vitafoods Europa 2024\",\"isPartOf\":{\"@id\":\"https:\\\/\\\/www.denismancarella.com\\\/es\\\/#website\"},\"primaryImageOfPage\":{\"@id\":\"https:\\\/\\\/www.denismancarella.com\\\/es\\\/news\\\/vitafoods-europe-2024\\\/#primaryimage\"},\"image\":{\"@id\":\"https:\\\/\\\/www.denismancarella.com\\\/es\\\/news\\\/vitafoods-europe-2024\\\/#primaryimage\"},\"thumbnailUrl\":\"https:\\\/\\\/www.denismancarella.com\\\/wp-content\\\/uploads\\\/2024\\\/01\\\/vitafoods-2024-europe.png\",\"datePublished\":\"2024-01-11T11:37:04+00:00\",\"dateModified\":\"2024-01-16T10:31:17+00:00\",\"description\":\"Vitafoods Europe es el evento m\u00e1s importante del sector nutrac\u00e9utico, al que asisten m\u00e1s de 24.000 expertos del sector.\",\"breadcrumb\":{\"@id\":\"https:\\\/\\\/www.denismancarella.com\\\/es\\\/news\\\/vitafoods-europe-2024\\\/#breadcrumb\"},\"inLanguage\":\"es\",\"potentialAction\":[{\"@type\":\"ReadAction\",\"target\":[\"https:\\\/\\\/www.denismancarella.com\\\/es\\\/news\\\/vitafoods-europe-2024\\\/\"]}]},{\"@type\":\"ImageObject\",\"inLanguage\":\"es\",\"@id\":\"https:\\\/\\\/www.denismancarella.com\\\/es\\\/news\\\/vitafoods-europe-2024\\\/#primaryimage\",\"url\":\"https:\\\/\\\/www.denismancarella.com\\\/wp-content\\\/uploads\\\/2024\\\/01\\\/vitafoods-2024-europe.png\",\"contentUrl\":\"https:\\\/\\\/www.denismancarella.com\\\/wp-content\\\/uploads\\\/2024\\\/01\\\/vitafoods-2024-europe.png\",\"width\":1240,\"height\":694,\"caption\":\"vitafoods europe 2024\"},{\"@type\":\"BreadcrumbList\",\"@id\":\"https:\\\/\\\/www.denismancarella.com\\\/es\\\/news\\\/vitafoods-europe-2024\\\/#breadcrumb\",\"itemListElement\":[{\"@type\":\"ListItem\",\"position\":1,\"name\":\"Home\",\"item\":\"https:\\\/\\\/www.denismancarella.com\\\/es\\\/\"},{\"@type\":\"ListItem\",\"position\":2,\"name\":\"VITAFOODS EUROPE 2024\"}]},{\"@type\":\"WebSite\",\"@id\":\"https:\\\/\\\/www.denismancarella.com\\\/es\\\/#website\",\"url\":\"https:\\\/\\\/www.denismancarella.com\\\/es\\\/\",\"name\":\"DMC\",\"description\":\"Cosmetics Machinery\",\"publisher\":{\"@id\":\"https:\\\/\\\/www.denismancarella.com\\\/es\\\/#organization\"},\"potentialAction\":[{\"@type\":\"SearchAction\",\"target\":{\"@type\":\"EntryPoint\",\"urlTemplate\":\"https:\\\/\\\/www.denismancarella.com\\\/es\\\/?s={search_term_string}\"},\"query-input\":{\"@type\":\"PropertyValueSpecification\",\"valueRequired\":true,\"valueName\":\"search_term_string\"}}],\"inLanguage\":\"es\"},{\"@type\":\"Organization\",\"@id\":\"https:\\\/\\\/www.denismancarella.com\\\/es\\\/#organization\",\"name\":\"DMD Srls di Denis Mancarella\",\"url\":\"https:\\\/\\\/www.denismancarella.com\\\/es\\\/\",\"logo\":{\"@type\":\"ImageObject\",\"inLanguage\":\"es\",\"@id\":\"https:\\\/\\\/www.denismancarella.com\\\/es\\\/#\\\/schema\\\/logo\\\/image\\\/\",\"url\":\"https:\\\/\\\/www.denismancarella.com\\\/wp-content\\\/uploads\\\/2020\\\/02\\\/logo.jpg\",\"contentUrl\":\"https:\\\/\\\/www.denismancarella.com\\\/wp-content\\\/uploads\\\/2020\\\/02\\\/logo.jpg\",\"width\":440,\"height\":132,\"caption\":\"DMD Srls di Denis Mancarella\"},\"image\":{\"@id\":\"https:\\\/\\\/www.denismancarella.com\\\/es\\\/#\\\/schema\\\/logo\\\/image\\\/\"},\"sameAs\":[\"https:\\\/\\\/www.facebook.com\\\/DMCsrls\",\"https:\\\/\\\/www.instagram.com\\\/dmcsrl\\\/\",\"https:\\\/\\\/www.linkedin.com\\\/company\\\/dmc-srls\\\/\",\"https:\\\/\\\/www.youtube.com\\\/channel\\\/UCvjvP6_116Tb0umwjAfkVmw\\\/videos\"]},{\"@type\":\"Person\",\"@id\":\"https:\\\/\\\/www.denismancarella.com\\\/es\\\/#\\\/schema\\\/person\\\/b44cabdab946ec1ee5b74864b7cea53d\",\"name\":\"dmc\",\"image\":{\"@type\":\"ImageObject\",\"inLanguage\":\"es\",\"@id\":\"https:\\\/\\\/secure.gravatar.com\\\/avatar\\\/9370e8234d35e21efaea0b2a03a3acc72711c6b26b5ad1d35de48406241ceab7?s=96&d=mm&r=g\",\"url\":\"https:\\\/\\\/secure.gravatar.com\\\/avatar\\\/9370e8234d35e21efaea0b2a03a3acc72711c6b26b5ad1d35de48406241ceab7?s=96&d=mm&r=g\",\"contentUrl\":\"https:\\\/\\\/secure.gravatar.com\\\/avatar\\\/9370e8234d35e21efaea0b2a03a3acc72711c6b26b5ad1d35de48406241ceab7?s=96&d=mm&r=g\",\"caption\":\"dmc\"}}]}<\/script>\n<!-- \/ Yoast SEO plugin. -->","yoast_head_json":{"title":"DMC expone en Vitafoods Europa 2024","description":"Vitafoods Europe es el evento m\u00e1s importante del sector nutrac\u00e9utico, al que asisten m\u00e1s de 24.000 expertos del sector.","robots":{"index":"index","follow":"follow","max-snippet":"max-snippet:-1","max-image-preview":"max-image-preview:large","max-video-preview":"max-video-preview:-1"},"canonical":"https:\/\/www.denismancarella.com\/es\/news\/vitafoods-europe-2024\/","og_locale":"es_ES","og_type":"article","og_title":"DMC expone en Vitafoods Europa 2024","og_description":"Vitafoods Europe es el evento m\u00e1s importante del sector nutrac\u00e9utico, al que asisten m\u00e1s de 24.000 expertos del sector.","og_url":"https:\/\/www.denismancarella.com\/es\/news\/vitafoods-europe-2024\/","og_site_name":"DMC","article_publisher":"https:\/\/www.facebook.com\/DMCsrls","article_published_time":"2024-01-11T11:37:04+00:00","article_modified_time":"2024-01-16T10:31:17+00:00","og_image":[{"width":1240,"height":694,"url":"https:\/\/www.denismancarella.com\/wp-content\/uploads\/2024\/01\/vitafoods-2024-europe.png","type":"image\/png"}],"author":"dmc","twitter_card":"summary_large_image","twitter_misc":{"Escrito por":"dmc","Tiempo de lectura":"1 minuto"},"schema":{"@context":"https:\/\/schema.org","@graph":[{"@type":"Article","@id":"https:\/\/www.denismancarella.com\/es\/news\/vitafoods-europe-2024\/#article","isPartOf":{"@id":"https:\/\/www.denismancarella.com\/es\/news\/vitafoods-europe-2024\/"},"author":{"name":"dmc","@id":"https:\/\/www.denismancarella.com\/es\/#\/schema\/person\/b44cabdab946ec1ee5b74864b7cea53d"},"headline":"VITAFOODS EUROPE 2024","datePublished":"2024-01-11T11:37:04+00:00","dateModified":"2024-01-16T10:31:17+00:00","mainEntityOfPage":{"@id":"https:\/\/www.denismancarella.com\/es\/news\/vitafoods-europe-2024\/"},"wordCount":83,"publisher":{"@id":"https:\/\/www.denismancarella.com\/es\/#organization"},"image":{"@id":"https:\/\/www.denismancarella.com\/es\/news\/vitafoods-europe-2024\/#primaryimage"},"thumbnailUrl":"https:\/\/www.denismancarella.com\/wp-content\/uploads\/2024\/01\/vitafoods-2024-europe.png","articleSection":["News"],"inLanguage":"es"},{"@type":"WebPage","@id":"https:\/\/www.denismancarella.com\/es\/news\/vitafoods-europe-2024\/","url":"https:\/\/www.denismancarella.com\/es\/news\/vitafoods-europe-2024\/","name":"DMC expone en Vitafoods Europa 2024","isPartOf":{"@id":"https:\/\/www.denismancarella.com\/es\/#website"},"primaryImageOfPage":{"@id":"https:\/\/www.denismancarella.com\/es\/news\/vitafoods-europe-2024\/#primaryimage"},"image":{"@id":"https:\/\/www.denismancarella.com\/es\/news\/vitafoods-europe-2024\/#primaryimage"},"thumbnailUrl":"https:\/\/www.denismancarella.com\/wp-content\/uploads\/2024\/01\/vitafoods-2024-europe.png","datePublished":"2024-01-11T11:37:04+00:00","dateModified":"2024-01-16T10:31:17+00:00","description":"Vitafoods Europe es el evento m\u00e1s importante del sector nutrac\u00e9utico, al que asisten m\u00e1s de 24.000 expertos del sector.","breadcrumb":{"@id":"https:\/\/www.denismancarella.com\/es\/news\/vitafoods-europe-2024\/#breadcrumb"},"inLanguage":"es","potentialAction":[{"@type":"ReadAction","target":["https:\/\/www.denismancarella.com\/es\/news\/vitafoods-europe-2024\/"]}]},{"@type":"ImageObject","inLanguage":"es","@id":"https:\/\/www.denismancarella.com\/es\/news\/vitafoods-europe-2024\/#primaryimage","url":"https:\/\/www.denismancarella.com\/wp-content\/uploads\/2024\/01\/vitafoods-2024-europe.png","contentUrl":"https:\/\/www.denismancarella.com\/wp-content\/uploads\/2024\/01\/vitafoods-2024-europe.png","width":1240,"height":694,"caption":"vitafoods europe 2024"},{"@type":"BreadcrumbList","@id":"https:\/\/www.denismancarella.com\/es\/news\/vitafoods-europe-2024\/#breadcrumb","itemListElement":[{"@type":"ListItem","position":1,"name":"Home","item":"https:\/\/www.denismancarella.com\/es\/"},{"@type":"ListItem","position":2,"name":"VITAFOODS EUROPE 2024"}]},{"@type":"WebSite","@id":"https:\/\/www.denismancarella.com\/es\/#website","url":"https:\/\/www.denismancarella.com\/es\/","name":"DMC","description":"Cosmetics Machinery","publisher":{"@id":"https:\/\/www.denismancarella.com\/es\/#organization"},"potentialAction":[{"@type":"SearchAction","target":{"@type":"EntryPoint","urlTemplate":"https:\/\/www.denismancarella.com\/es\/?s={search_term_string}"},"query-input":{"@type":"PropertyValueSpecification","valueRequired":true,"valueName":"search_term_string"}}],"inLanguage":"es"},{"@type":"Organization","@id":"https:\/\/www.denismancarella.com\/es\/#organization","name":"DMD Srls di Denis Mancarella","url":"https:\/\/www.denismancarella.com\/es\/","logo":{"@type":"ImageObject","inLanguage":"es","@id":"https:\/\/www.denismancarella.com\/es\/#\/schema\/logo\/image\/","url":"https:\/\/www.denismancarella.com\/wp-content\/uploads\/2020\/02\/logo.jpg","contentUrl":"https:\/\/www.denismancarella.com\/wp-content\/uploads\/2020\/02\/logo.jpg","width":440,"height":132,"caption":"DMD Srls di Denis Mancarella"},"image":{"@id":"https:\/\/www.denismancarella.com\/es\/#\/schema\/logo\/image\/"},"sameAs":["https:\/\/www.facebook.com\/DMCsrls","https:\/\/www.instagram.com\/dmcsrl\/","https:\/\/www.linkedin.com\/company\/dmc-srls\/","https:\/\/www.youtube.com\/channel\/UCvjvP6_116Tb0umwjAfkVmw\/videos"]},{"@type":"Person","@id":"https:\/\/www.denismancarella.com\/es\/#\/schema\/person\/b44cabdab946ec1ee5b74864b7cea53d","name":"dmc","image":{"@type":"ImageObject","inLanguage":"es","@id":"https:\/\/secure.gravatar.com\/avatar\/9370e8234d35e21efaea0b2a03a3acc72711c6b26b5ad1d35de48406241ceab7?s=96&d=mm&r=g","url":"https:\/\/secure.gravatar.com\/avatar\/9370e8234d35e21efaea0b2a03a3acc72711c6b26b5ad1d35de48406241ceab7?s=96&d=mm&r=g","contentUrl":"https:\/\/secure.gravatar.com\/avatar\/9370e8234d35e21efaea0b2a03a3acc72711c6b26b5ad1d35de48406241ceab7?s=96&d=mm&r=g","caption":"dmc"}}]}},"_links":{"self":[{"href":"https:\/\/www.denismancarella.com\/es\/wp-json\/wp\/v2\/posts\/3161","targetHints":{"allow":["GET"]}}],"collection":[{"href":"https:\/\/www.denismancarella.com\/es\/wp-json\/wp\/v2\/posts"}],"about":[{"href":"https:\/\/www.denismancarella.com\/es\/wp-json\/wp\/v2\/types\/post"}],"author":[{"embeddable":true,"href":"https:\/\/www.denismancarella.com\/es\/wp-json\/wp\/v2\/users\/2"}],"replies":[{"embeddable":true,"href":"https:\/\/www.denismancarella.com\/es\/wp-json\/wp\/v2\/comments?post=3161"}],"version-history":[{"count":4,"href":"https:\/\/www.denismancarella.com\/es\/wp-json\/wp\/v2\/posts\/3161\/revisions"}],"predecessor-version":[{"id":3210,"href":"https:\/\/www.denismancarella.com\/es\/wp-json\/wp\/v2\/posts\/3161\/revisions\/3210"}],"wp:featuredmedia":[{"embeddable":true,"href":"https:\/\/www.denismancarella.com\/es\/wp-json\/wp\/v2\/media\/3162"}],"wp:attachment":[{"href":"https:\/\/www.denismancarella.com\/es\/wp-json\/wp\/v2\/media?parent=3161"}],"wp:term":[{"taxonomy":"category","embeddable":true,"href":"https:\/\/www.denismancarella.com\/es\/wp-json\/wp\/v2\/categories?post=3161"},{"taxonomy":"post_tag","embeddable":true,"href":"https:\/\/www.denismancarella.com\/es\/wp-json\/wp\/v2\/tags?post=3161"}],"curies":[{"name":"wp","href":"https:\/\/api.w.org\/{rel}","templated":true}]}}