{"id":2028,"date":"2023-04-17T16:24:29","date_gmt":"2023-04-17T14:24:29","guid":{"rendered":"https:\/\/www.denismancarella.com\/?p=2028"},"modified":"2025-04-08T10:19:35","modified_gmt":"2025-04-08T08:19:35","slug":"ipack-ima","status":"publish","type":"post","link":"https:\/\/www.denismancarella.com\/es\/news\/ipack-ima\/","title":{"rendered":"IPACK-IMA"},"content":{"rendered":"<p style=\"text-align: center;\">DMC expone en<a href=\"https:\/\/www.ipackima.com\/es\/\"> <strong>IPACK-IMA MILANO<\/strong><\/a>, la feria internacional de referencia para <strong>materiales y tecnolog\u00edas de transformaci\u00f3n y envasado para el mundo alimentario y no alimentario<\/strong>. Una plataforma de exposici\u00f3n integrada e interconectada que se centra en cuatro mercados principales: <strong>alimentaci\u00f3n a base de cereales, bebidas, farmacia y el sector de la tecnolog\u00eda y el envasado<\/strong>. El evento es una plataforma \u00fanica para anticiparse a las tendencias del sector y crear nuevas oportunidades de negocio.<\/p>\n<p>&nbsp;<\/p>\n<p style=\"text-align: center;\"><a href=\"mailto:tecnico@denismancarella.com\"><strong>RESERVE SU REUNION<\/strong><\/a><\/p>\n","protected":false},"excerpt":{"rendered":"<p>DMC expone en IPACK-IMA MILANO, la feria internacional de referencia para materiales y tecnolog\u00edas de transformaci\u00f3n y envasado para el mundo alimentario y no alimentario. Una plataforma de exposici\u00f3n integrada e interconectada que se centra en cuatro mercados principales: alimentaci\u00f3n a base de cereales, bebidas, farmacia y el sector de la tecnolog\u00eda y el envasado. [&hellip;]<\/p>\n","protected":false},"author":2,"featured_media":2021,"comment_status":"closed","ping_status":"closed","sticky":false,"template":"","format":"standard","meta":{"_acf_changed":false,"footnotes":""},"categories":[61],"tags":[],"class_list":["post-2028","post","type-post","status-publish","format-standard","has-post-thumbnail","hentry","category-news"],"acf":[],"yoast_head":"<!-- This site is optimized with the Yoast SEO plugin v28.3 - https:\/\/yoast.com\/product\/yoast-seo-wordpress\/ -->\n<title>IPACK-IMA 2025, transformaci\u00f3n y envasado | DMC<\/title>\n<meta name=\"description\" content=\"DMC en IPACK-IMA 2025, feria de la cadena de producci\u00f3n: transformaci\u00f3n, envasado, etiquetado, automatizaci\u00f3n, digitalizaci\u00f3n.\" \/>\n<meta name=\"robots\" content=\"index, follow, max-snippet:-1, max-image-preview:large, max-video-preview:-1\" \/>\n<link rel=\"canonical\" href=\"https:\/\/www.denismancarella.com\/es\/news\/ipack-ima\/\" \/>\n<meta property=\"og:locale\" content=\"es_ES\" \/>\n<meta property=\"og:type\" content=\"article\" \/>\n<meta property=\"og:title\" content=\"IPACK-IMA 2025, transformaci\u00f3n y envasado | DMC\" \/>\n<meta property=\"og:description\" content=\"DMC en IPACK-IMA 2025, feria de la cadena de producci\u00f3n: transformaci\u00f3n, envasado, etiquetado, automatizaci\u00f3n, digitalizaci\u00f3n.\" \/>\n<meta property=\"og:url\" content=\"https:\/\/www.denismancarella.com\/es\/news\/ipack-ima\/\" \/>\n<meta property=\"og:site_name\" content=\"DMC\" \/>\n<meta property=\"article:publisher\" content=\"https:\/\/www.facebook.com\/DMCsrls\" \/>\n<meta property=\"article:published_time\" content=\"2023-04-17T14:24:29+00:00\" \/>\n<meta property=\"article:modified_time\" content=\"2025-04-08T08:19:35+00:00\" \/>\n<meta property=\"og:image\" content=\"https:\/\/www.denismancarella.com\/wp-content\/uploads\/2023\/04\/IPACK-IMA-2025-2.png\" \/>\n\t<meta property=\"og:image:width\" content=\"1240\" \/>\n\t<meta property=\"og:image:height\" content=\"694\" \/>\n\t<meta property=\"og:image:type\" content=\"image\/png\" \/>\n<meta name=\"author\" content=\"dmc\" \/>\n<meta name=\"twitter:card\" content=\"summary_large_image\" \/>\n<meta name=\"twitter:label1\" content=\"Escrito por\" \/>\n\t<meta name=\"twitter:data1\" content=\"dmc\" \/>\n\t<meta name=\"twitter:label2\" content=\"Tiempo de lectura\" \/>\n\t<meta name=\"twitter:data2\" content=\"1 minuto\" \/>\n<script type=\"application\/ld+json\" class=\"yoast-schema-graph\">{\"@context\":\"https:\\\/\\\/schema.org\",\"@graph\":[{\"@type\":\"Article\",\"@id\":\"https:\\\/\\\/www.denismancarella.com\\\/es\\\/news\\\/ipack-ima\\\/#article\",\"isPartOf\":{\"@id\":\"https:\\\/\\\/www.denismancarella.com\\\/es\\\/news\\\/ipack-ima\\\/\"},\"author\":{\"name\":\"dmc\",\"@id\":\"https:\\\/\\\/www.denismancarella.com\\\/es\\\/#\\\/schema\\\/person\\\/b44cabdab946ec1ee5b74864b7cea53d\"},\"headline\":\"IPACK-IMA\",\"datePublished\":\"2023-04-17T14:24:29+00:00\",\"dateModified\":\"2025-04-08T08:19:35+00:00\",\"mainEntityOfPage\":{\"@id\":\"https:\\\/\\\/www.denismancarella.com\\\/es\\\/news\\\/ipack-ima\\\/\"},\"wordCount\":84,\"publisher\":{\"@id\":\"https:\\\/\\\/www.denismancarella.com\\\/es\\\/#organization\"},\"image\":{\"@id\":\"https:\\\/\\\/www.denismancarella.com\\\/es\\\/news\\\/ipack-ima\\\/#primaryimage\"},\"thumbnailUrl\":\"https:\\\/\\\/www.denismancarella.com\\\/wp-content\\\/uploads\\\/2023\\\/04\\\/IPACK-IMA-2025-2.png\",\"articleSection\":[\"News\"],\"inLanguage\":\"es\"},{\"@type\":\"WebPage\",\"@id\":\"https:\\\/\\\/www.denismancarella.com\\\/es\\\/news\\\/ipack-ima\\\/\",\"url\":\"https:\\\/\\\/www.denismancarella.com\\\/es\\\/news\\\/ipack-ima\\\/\",\"name\":\"IPACK-IMA 2025, transformaci\u00f3n y envasado | DMC\",\"isPartOf\":{\"@id\":\"https:\\\/\\\/www.denismancarella.com\\\/es\\\/#website\"},\"primaryImageOfPage\":{\"@id\":\"https:\\\/\\\/www.denismancarella.com\\\/es\\\/news\\\/ipack-ima\\\/#primaryimage\"},\"image\":{\"@id\":\"https:\\\/\\\/www.denismancarella.com\\\/es\\\/news\\\/ipack-ima\\\/#primaryimage\"},\"thumbnailUrl\":\"https:\\\/\\\/www.denismancarella.com\\\/wp-content\\\/uploads\\\/2023\\\/04\\\/IPACK-IMA-2025-2.png\",\"datePublished\":\"2023-04-17T14:24:29+00:00\",\"dateModified\":\"2025-04-08T08:19:35+00:00\",\"description\":\"DMC en IPACK-IMA 2025, feria de la cadena de producci\u00f3n: transformaci\u00f3n, envasado, etiquetado, automatizaci\u00f3n, digitalizaci\u00f3n.\",\"breadcrumb\":{\"@id\":\"https:\\\/\\\/www.denismancarella.com\\\/es\\\/news\\\/ipack-ima\\\/#breadcrumb\"},\"inLanguage\":\"es\",\"potentialAction\":[{\"@type\":\"ReadAction\",\"target\":[\"https:\\\/\\\/www.denismancarella.com\\\/es\\\/news\\\/ipack-ima\\\/\"]}]},{\"@type\":\"ImageObject\",\"inLanguage\":\"es\",\"@id\":\"https:\\\/\\\/www.denismancarella.com\\\/es\\\/news\\\/ipack-ima\\\/#primaryimage\",\"url\":\"https:\\\/\\\/www.denismancarella.com\\\/wp-content\\\/uploads\\\/2023\\\/04\\\/IPACK-IMA-2025-2.png\",\"contentUrl\":\"https:\\\/\\\/www.denismancarella.com\\\/wp-content\\\/uploads\\\/2023\\\/04\\\/IPACK-IMA-2025-2.png\",\"width\":1240,\"height\":694,\"caption\":\"IPACK-IMA 27-30 Mayo 2025 Mil\u00e1n, Italia\"},{\"@type\":\"BreadcrumbList\",\"@id\":\"https:\\\/\\\/www.denismancarella.com\\\/es\\\/news\\\/ipack-ima\\\/#breadcrumb\",\"itemListElement\":[{\"@type\":\"ListItem\",\"position\":1,\"name\":\"Home\",\"item\":\"https:\\\/\\\/www.denismancarella.com\\\/es\\\/\"},{\"@type\":\"ListItem\",\"position\":2,\"name\":\"IPACK-IMA\"}]},{\"@type\":\"WebSite\",\"@id\":\"https:\\\/\\\/www.denismancarella.com\\\/es\\\/#website\",\"url\":\"https:\\\/\\\/www.denismancarella.com\\\/es\\\/\",\"name\":\"DMC\",\"description\":\"Cosmetics Machinery\",\"publisher\":{\"@id\":\"https:\\\/\\\/www.denismancarella.com\\\/es\\\/#organization\"},\"potentialAction\":[{\"@type\":\"SearchAction\",\"target\":{\"@type\":\"EntryPoint\",\"urlTemplate\":\"https:\\\/\\\/www.denismancarella.com\\\/es\\\/?s={search_term_string}\"},\"query-input\":{\"@type\":\"PropertyValueSpecification\",\"valueRequired\":true,\"valueName\":\"search_term_string\"}}],\"inLanguage\":\"es\"},{\"@type\":\"Organization\",\"@id\":\"https:\\\/\\\/www.denismancarella.com\\\/es\\\/#organization\",\"name\":\"DMD Srls di Denis Mancarella\",\"url\":\"https:\\\/\\\/www.denismancarella.com\\\/es\\\/\",\"logo\":{\"@type\":\"ImageObject\",\"inLanguage\":\"es\",\"@id\":\"https:\\\/\\\/www.denismancarella.com\\\/es\\\/#\\\/schema\\\/logo\\\/image\\\/\",\"url\":\"https:\\\/\\\/www.denismancarella.com\\\/wp-content\\\/uploads\\\/2020\\\/02\\\/logo.jpg\",\"contentUrl\":\"https:\\\/\\\/www.denismancarella.com\\\/wp-content\\\/uploads\\\/2020\\\/02\\\/logo.jpg\",\"width\":440,\"height\":132,\"caption\":\"DMD Srls di Denis Mancarella\"},\"image\":{\"@id\":\"https:\\\/\\\/www.denismancarella.com\\\/es\\\/#\\\/schema\\\/logo\\\/image\\\/\"},\"sameAs\":[\"https:\\\/\\\/www.facebook.com\\\/DMCsrls\",\"https:\\\/\\\/www.instagram.com\\\/dmcsrl\\\/\",\"https:\\\/\\\/www.linkedin.com\\\/company\\\/dmc-srls\\\/\",\"https:\\\/\\\/www.youtube.com\\\/channel\\\/UCvjvP6_116Tb0umwjAfkVmw\\\/videos\"]},{\"@type\":\"Person\",\"@id\":\"https:\\\/\\\/www.denismancarella.com\\\/es\\\/#\\\/schema\\\/person\\\/b44cabdab946ec1ee5b74864b7cea53d\",\"name\":\"dmc\",\"image\":{\"@type\":\"ImageObject\",\"inLanguage\":\"es\",\"@id\":\"https:\\\/\\\/secure.gravatar.com\\\/avatar\\\/9370e8234d35e21efaea0b2a03a3acc72711c6b26b5ad1d35de48406241ceab7?s=96&d=mm&r=g\",\"url\":\"https:\\\/\\\/secure.gravatar.com\\\/avatar\\\/9370e8234d35e21efaea0b2a03a3acc72711c6b26b5ad1d35de48406241ceab7?s=96&d=mm&r=g\",\"contentUrl\":\"https:\\\/\\\/secure.gravatar.com\\\/avatar\\\/9370e8234d35e21efaea0b2a03a3acc72711c6b26b5ad1d35de48406241ceab7?s=96&d=mm&r=g\",\"caption\":\"dmc\"}}]}<\/script>\n<!-- \/ Yoast SEO plugin. -->","yoast_head_json":{"title":"IPACK-IMA 2025, transformaci\u00f3n y envasado | DMC","description":"DMC en IPACK-IMA 2025, feria de la cadena de producci\u00f3n: transformaci\u00f3n, envasado, etiquetado, automatizaci\u00f3n, digitalizaci\u00f3n.","robots":{"index":"index","follow":"follow","max-snippet":"max-snippet:-1","max-image-preview":"max-image-preview:large","max-video-preview":"max-video-preview:-1"},"canonical":"https:\/\/www.denismancarella.com\/es\/news\/ipack-ima\/","og_locale":"es_ES","og_type":"article","og_title":"IPACK-IMA 2025, transformaci\u00f3n y envasado | DMC","og_description":"DMC en IPACK-IMA 2025, feria de la cadena de producci\u00f3n: transformaci\u00f3n, envasado, etiquetado, automatizaci\u00f3n, digitalizaci\u00f3n.","og_url":"https:\/\/www.denismancarella.com\/es\/news\/ipack-ima\/","og_site_name":"DMC","article_publisher":"https:\/\/www.facebook.com\/DMCsrls","article_published_time":"2023-04-17T14:24:29+00:00","article_modified_time":"2025-04-08T08:19:35+00:00","og_image":[{"width":1240,"height":694,"url":"https:\/\/www.denismancarella.com\/wp-content\/uploads\/2023\/04\/IPACK-IMA-2025-2.png","type":"image\/png"}],"author":"dmc","twitter_card":"summary_large_image","twitter_misc":{"Escrito por":"dmc","Tiempo de lectura":"1 minuto"},"schema":{"@context":"https:\/\/schema.org","@graph":[{"@type":"Article","@id":"https:\/\/www.denismancarella.com\/es\/news\/ipack-ima\/#article","isPartOf":{"@id":"https:\/\/www.denismancarella.com\/es\/news\/ipack-ima\/"},"author":{"name":"dmc","@id":"https:\/\/www.denismancarella.com\/es\/#\/schema\/person\/b44cabdab946ec1ee5b74864b7cea53d"},"headline":"IPACK-IMA","datePublished":"2023-04-17T14:24:29+00:00","dateModified":"2025-04-08T08:19:35+00:00","mainEntityOfPage":{"@id":"https:\/\/www.denismancarella.com\/es\/news\/ipack-ima\/"},"wordCount":84,"publisher":{"@id":"https:\/\/www.denismancarella.com\/es\/#organization"},"image":{"@id":"https:\/\/www.denismancarella.com\/es\/news\/ipack-ima\/#primaryimage"},"thumbnailUrl":"https:\/\/www.denismancarella.com\/wp-content\/uploads\/2023\/04\/IPACK-IMA-2025-2.png","articleSection":["News"],"inLanguage":"es"},{"@type":"WebPage","@id":"https:\/\/www.denismancarella.com\/es\/news\/ipack-ima\/","url":"https:\/\/www.denismancarella.com\/es\/news\/ipack-ima\/","name":"IPACK-IMA 2025, transformaci\u00f3n y envasado | DMC","isPartOf":{"@id":"https:\/\/www.denismancarella.com\/es\/#website"},"primaryImageOfPage":{"@id":"https:\/\/www.denismancarella.com\/es\/news\/ipack-ima\/#primaryimage"},"image":{"@id":"https:\/\/www.denismancarella.com\/es\/news\/ipack-ima\/#primaryimage"},"thumbnailUrl":"https:\/\/www.denismancarella.com\/wp-content\/uploads\/2023\/04\/IPACK-IMA-2025-2.png","datePublished":"2023-04-17T14:24:29+00:00","dateModified":"2025-04-08T08:19:35+00:00","description":"DMC en IPACK-IMA 2025, feria de la cadena de producci\u00f3n: transformaci\u00f3n, envasado, etiquetado, automatizaci\u00f3n, digitalizaci\u00f3n.","breadcrumb":{"@id":"https:\/\/www.denismancarella.com\/es\/news\/ipack-ima\/#breadcrumb"},"inLanguage":"es","potentialAction":[{"@type":"ReadAction","target":["https:\/\/www.denismancarella.com\/es\/news\/ipack-ima\/"]}]},{"@type":"ImageObject","inLanguage":"es","@id":"https:\/\/www.denismancarella.com\/es\/news\/ipack-ima\/#primaryimage","url":"https:\/\/www.denismancarella.com\/wp-content\/uploads\/2023\/04\/IPACK-IMA-2025-2.png","contentUrl":"https:\/\/www.denismancarella.com\/wp-content\/uploads\/2023\/04\/IPACK-IMA-2025-2.png","width":1240,"height":694,"caption":"IPACK-IMA 27-30 Mayo 2025 Mil\u00e1n, Italia"},{"@type":"BreadcrumbList","@id":"https:\/\/www.denismancarella.com\/es\/news\/ipack-ima\/#breadcrumb","itemListElement":[{"@type":"ListItem","position":1,"name":"Home","item":"https:\/\/www.denismancarella.com\/es\/"},{"@type":"ListItem","position":2,"name":"IPACK-IMA"}]},{"@type":"WebSite","@id":"https:\/\/www.denismancarella.com\/es\/#website","url":"https:\/\/www.denismancarella.com\/es\/","name":"DMC","description":"Cosmetics Machinery","publisher":{"@id":"https:\/\/www.denismancarella.com\/es\/#organization"},"potentialAction":[{"@type":"SearchAction","target":{"@type":"EntryPoint","urlTemplate":"https:\/\/www.denismancarella.com\/es\/?s={search_term_string}"},"query-input":{"@type":"PropertyValueSpecification","valueRequired":true,"valueName":"search_term_string"}}],"inLanguage":"es"},{"@type":"Organization","@id":"https:\/\/www.denismancarella.com\/es\/#organization","name":"DMD Srls di Denis Mancarella","url":"https:\/\/www.denismancarella.com\/es\/","logo":{"@type":"ImageObject","inLanguage":"es","@id":"https:\/\/www.denismancarella.com\/es\/#\/schema\/logo\/image\/","url":"https:\/\/www.denismancarella.com\/wp-content\/uploads\/2020\/02\/logo.jpg","contentUrl":"https:\/\/www.denismancarella.com\/wp-content\/uploads\/2020\/02\/logo.jpg","width":440,"height":132,"caption":"DMD Srls di Denis Mancarella"},"image":{"@id":"https:\/\/www.denismancarella.com\/es\/#\/schema\/logo\/image\/"},"sameAs":["https:\/\/www.facebook.com\/DMCsrls","https:\/\/www.instagram.com\/dmcsrl\/","https:\/\/www.linkedin.com\/company\/dmc-srls\/","https:\/\/www.youtube.com\/channel\/UCvjvP6_116Tb0umwjAfkVmw\/videos"]},{"@type":"Person","@id":"https:\/\/www.denismancarella.com\/es\/#\/schema\/person\/b44cabdab946ec1ee5b74864b7cea53d","name":"dmc","image":{"@type":"ImageObject","inLanguage":"es","@id":"https:\/\/secure.gravatar.com\/avatar\/9370e8234d35e21efaea0b2a03a3acc72711c6b26b5ad1d35de48406241ceab7?s=96&d=mm&r=g","url":"https:\/\/secure.gravatar.com\/avatar\/9370e8234d35e21efaea0b2a03a3acc72711c6b26b5ad1d35de48406241ceab7?s=96&d=mm&r=g","contentUrl":"https:\/\/secure.gravatar.com\/avatar\/9370e8234d35e21efaea0b2a03a3acc72711c6b26b5ad1d35de48406241ceab7?s=96&d=mm&r=g","caption":"dmc"}}]}},"_links":{"self":[{"href":"https:\/\/www.denismancarella.com\/es\/wp-json\/wp\/v2\/posts\/2028","targetHints":{"allow":["GET"]}}],"collection":[{"href":"https:\/\/www.denismancarella.com\/es\/wp-json\/wp\/v2\/posts"}],"about":[{"href":"https:\/\/www.denismancarella.com\/es\/wp-json\/wp\/v2\/types\/post"}],"author":[{"embeddable":true,"href":"https:\/\/www.denismancarella.com\/es\/wp-json\/wp\/v2\/users\/2"}],"replies":[{"embeddable":true,"href":"https:\/\/www.denismancarella.com\/es\/wp-json\/wp\/v2\/comments?post=2028"}],"version-history":[{"count":6,"href":"https:\/\/www.denismancarella.com\/es\/wp-json\/wp\/v2\/posts\/2028\/revisions"}],"predecessor-version":[{"id":3891,"href":"https:\/\/www.denismancarella.com\/es\/wp-json\/wp\/v2\/posts\/2028\/revisions\/3891"}],"wp:featuredmedia":[{"embeddable":true,"href":"https:\/\/www.denismancarella.com\/es\/wp-json\/wp\/v2\/media\/2021"}],"wp:attachment":[{"href":"https:\/\/www.denismancarella.com\/es\/wp-json\/wp\/v2\/media?parent=2028"}],"wp:term":[{"taxonomy":"category","embeddable":true,"href":"https:\/\/www.denismancarella.com\/es\/wp-json\/wp\/v2\/categories?post=2028"},{"taxonomy":"post_tag","embeddable":true,"href":"https:\/\/www.denismancarella.com\/es\/wp-json\/wp\/v2\/tags?post=2028"}],"curies":[{"name":"wp","href":"https:\/\/api.w.org\/{rel}","templated":true}]}}